{"id":8062,"date":"2025-07-09T07:28:18","date_gmt":"2025-07-09T05:28:18","guid":{"rendered":"https:\/\/wp.pestalozzi-gymnasium-heidenau.info\/?p=8062"},"modified":"2026-03-12T18:01:07","modified_gmt":"2026-03-12T16:01:07","slug":"jugendchor-trifft-bergsteigerchor","status":"publish","type":"post","link":"https:\/\/wp.pestalozzi-gymnasium-heidenau.info\/index.php\/2025\/07\/09\/jugendchor-trifft-bergsteigerchor\/","title":{"rendered":"Jugendchor trifft Bergsteigerchor"},"content":{"rendered":"\n<figure class=\"wp-block-image size-full\"><img loading=\"lazy\" decoding=\"async\" width=\"2560\" height=\"1707\" src=\"https:\/\/wp.pestalozzi-gymnasium-heidenau.info\/wp-content\/uploads\/IMG_0952-scaled.jpg\" alt=\"\" class=\"wp-image-8411\" srcset=\"https:\/\/wp.pestalozzi-gymnasium-heidenau.info\/wp-content\/uploads\/IMG_0952-scaled.jpg 2560w, https:\/\/wp.pestalozzi-gymnasium-heidenau.info\/wp-content\/uploads\/IMG_0952-300x200.jpg 300w, https:\/\/wp.pestalozzi-gymnasium-heidenau.info\/wp-content\/uploads\/IMG_0952-1024x683.jpg 1024w, https:\/\/wp.pestalozzi-gymnasium-heidenau.info\/wp-content\/uploads\/IMG_0952-1536x1024.jpg 1536w, https:\/\/wp.pestalozzi-gymnasium-heidenau.info\/wp-content\/uploads\/IMG_0952-2048x1365.jpg 2048w, https:\/\/wp.pestalozzi-gymnasium-heidenau.info\/wp-content\/uploads\/IMG_0952-830x553.jpg 830w, https:\/\/wp.pestalozzi-gymnasium-heidenau.info\/wp-content\/uploads\/IMG_0952-230x153.jpg 230w, https:\/\/wp.pestalozzi-gymnasium-heidenau.info\/wp-content\/uploads\/IMG_0952-350x233.jpg 350w, https:\/\/wp.pestalozzi-gymnasium-heidenau.info\/wp-content\/uploads\/IMG_0952-480x320.jpg 480w\" sizes=\"auto, (max-width: 2560px) 100vw, 2560px\" \/><\/figure>\n\n\n\n<p>Im Mai und Juni pr\u00e4sentierte Der Jugendchor zwei herausragende Konzerte in Dresden, die das Publikum mit einem vielf\u00e4ltigen musikalischen Programm und einer beeindruckenden Kooperation fesselten. Diese Konzerte waren unbestreitbar ein H\u00f6hepunkt in der Auftrittshistorie des jungen Chores, der sein 10-j\u00e4hriges Bestehen damit feierte.<\/p>\n\n\n\n<figure class=\"wp-block-image size-full\"><img loading=\"lazy\" decoding=\"async\" width=\"800\" height=\"533\" src=\"https:\/\/wp.pestalozzi-gymnasium-heidenau.info\/wp-content\/uploads\/2-1.jpeg\" alt=\"\" class=\"wp-image-8064\" srcset=\"https:\/\/wp.pestalozzi-gymnasium-heidenau.info\/wp-content\/uploads\/2-1.jpeg 800w, https:\/\/wp.pestalozzi-gymnasium-heidenau.info\/wp-content\/uploads\/2-1-300x200.jpeg 300w, https:\/\/wp.pestalozzi-gymnasium-heidenau.info\/wp-content\/uploads\/2-1-230x153.jpeg 230w, https:\/\/wp.pestalozzi-gymnasium-heidenau.info\/wp-content\/uploads\/2-1-350x233.jpeg 350w, https:\/\/wp.pestalozzi-gymnasium-heidenau.info\/wp-content\/uploads\/2-1-480x320.jpeg 480w\" sizes=\"auto, (max-width: 800px) 100vw, 800px\" \/><\/figure>\n\n\n\n<p>Am 24. Mai 2025 trat der Chor im Kulturpalast Dresden auf, wo das Programm \u201eDresdner Komponisten und die S\u00e4chsische Schweiz\u201c pr\u00e4sentiert wurde. Gemeinsam mit den Bergfinken, dem \u00e4ltesten aktiven Bergsteigerchor Deutschlands, der \u00fcber 100 Jahre Singtradition pflegt, wurde das Konzert zu einem besonderen Erlebnis. Rund 200 S\u00e4ngerinnen und S\u00e4nger standen auf der B\u00fchne und boten eine stimmgewaltige Darbietung, die Lieder \u00fcber die S\u00e4chsische Schweiz sowie Werke von Dresdner Komponisten vereinte. Die Zusammenarbeit der beiden Ch\u00f6re \u2013 ein gemischter Chor und ein reiner M\u00e4nnerchor \u2013 brachte eine spannende musikalische Vielfalt, die das Publikum in dem gut besuchten Kulturpalast fesselte.<\/p>\n\n\n\n<figure class=\"wp-block-image size-full\"><img loading=\"lazy\" decoding=\"async\" width=\"800\" height=\"533\" src=\"https:\/\/wp.pestalozzi-gymnasium-heidenau.info\/wp-content\/uploads\/3-6.jpg\" alt=\"\" class=\"wp-image-8065\" srcset=\"https:\/\/wp.pestalozzi-gymnasium-heidenau.info\/wp-content\/uploads\/3-6.jpg 800w, https:\/\/wp.pestalozzi-gymnasium-heidenau.info\/wp-content\/uploads\/3-6-300x200.jpg 300w, https:\/\/wp.pestalozzi-gymnasium-heidenau.info\/wp-content\/uploads\/3-6-230x153.jpg 230w, https:\/\/wp.pestalozzi-gymnasium-heidenau.info\/wp-content\/uploads\/3-6-350x233.jpg 350w, https:\/\/wp.pestalozzi-gymnasium-heidenau.info\/wp-content\/uploads\/3-6-480x320.jpg 480w\" sizes=\"auto, (max-width: 800px) 100vw, 800px\" \/><\/figure>\n\n\n\n<p>Das zweite Konzert fand am 5. Juni 2025 in der beeindruckenden Kuppelhalle des Dresdner Hauptbahnhofs statt. Unter dem Titel \u201eDie Stimme: Instrument des Jahres 2025\u201c stand die menschliche Stimme im Mittelpunkt. Dieser Abend, gewidmet der K\u00fcr der Stimme als Instrument des Jahres 2025 durch die Landesmusikr\u00e4te, bot einen intensiven und einzigartigen Klang, wodurch die Vielseitigkeit der menschlichen Stimme in vollem Umfang erlebt werden konnte.<\/p>\n\n\n\n<figure class=\"wp-block-image size-full\"><img loading=\"lazy\" decoding=\"async\" width=\"800\" height=\"533\" src=\"https:\/\/wp.pestalozzi-gymnasium-heidenau.info\/wp-content\/uploads\/4-3.jpg\" alt=\"\" class=\"wp-image-8066\" srcset=\"https:\/\/wp.pestalozzi-gymnasium-heidenau.info\/wp-content\/uploads\/4-3.jpg 800w, https:\/\/wp.pestalozzi-gymnasium-heidenau.info\/wp-content\/uploads\/4-3-300x200.jpg 300w, https:\/\/wp.pestalozzi-gymnasium-heidenau.info\/wp-content\/uploads\/4-3-230x153.jpg 230w, https:\/\/wp.pestalozzi-gymnasium-heidenau.info\/wp-content\/uploads\/4-3-350x233.jpg 350w, https:\/\/wp.pestalozzi-gymnasium-heidenau.info\/wp-content\/uploads\/4-3-480x320.jpg 480w\" sizes=\"auto, (max-width: 800px) 100vw, 800px\" \/><\/figure>\n\n\n\n<p>Die intensive Vorbereitung auf diese Konzerte beinhaltete zahlreiche Proben, darunter auch gemeinsame mit den Bergfinken, um das Zusammenspiel der beiden Ch\u00f6re zu perfektionieren. Ehemalige Mitglieder des Jugendchores wurden eingeladen, wodurch Der Jugendchor mit \u00fcber 100 S\u00e4ngerinnen und S\u00e4ngern auftreten konnte.<\/p>\n\n\n\n<figure class=\"wp-block-image size-full\"><img loading=\"lazy\" decoding=\"async\" width=\"800\" height=\"533\" src=\"https:\/\/wp.pestalozzi-gymnasium-heidenau.info\/wp-content\/uploads\/5-2.jpg\" alt=\"\" class=\"wp-image-8067\" srcset=\"https:\/\/wp.pestalozzi-gymnasium-heidenau.info\/wp-content\/uploads\/5-2.jpg 800w, https:\/\/wp.pestalozzi-gymnasium-heidenau.info\/wp-content\/uploads\/5-2-300x200.jpg 300w, https:\/\/wp.pestalozzi-gymnasium-heidenau.info\/wp-content\/uploads\/5-2-230x153.jpg 230w, https:\/\/wp.pestalozzi-gymnasium-heidenau.info\/wp-content\/uploads\/5-2-350x233.jpg 350w, https:\/\/wp.pestalozzi-gymnasium-heidenau.info\/wp-content\/uploads\/5-2-480x320.jpg 480w\" sizes=\"auto, (max-width: 800px) 100vw, 800px\" \/><\/figure>\n\n\n\n<p>Ein herzlicher Dank geht an alle, die im Hintergrund zum Erfolg beitrugen und die mit ihrem Engagement und ihrer Leidenschaft die Zusammenarbeit der beiden Ch\u00f6re erst m\u00f6glich machten, darunter die Chorleiter, die Chorassistenten, das Organisationsteam, der Schulf\u00f6rderverein und die unz\u00e4hligen Mitwirkenden.<br>Nach diesen eindrucksvollen Auftritten verabschiedet sich Der Jugendchor nun in die Sommerpause. Nach den Ferien starten dann die Vorbereitungen f\u00fcr das Weihnachtsrepertoire f\u00fcr das gro\u00dfe Weihnachtskonzert am 17. Dezember 2025 in der Dohnaer Kirche. \u00a9KJ<\/p>\n\n\n\n<figure class=\"wp-block-image size-full\"><img loading=\"lazy\" decoding=\"async\" width=\"800\" height=\"533\" src=\"https:\/\/wp.pestalozzi-gymnasium-heidenau.info\/wp-content\/uploads\/6-1.jpg\" alt=\"\" class=\"wp-image-8068\" srcset=\"https:\/\/wp.pestalozzi-gymnasium-heidenau.info\/wp-content\/uploads\/6-1.jpg 800w, https:\/\/wp.pestalozzi-gymnasium-heidenau.info\/wp-content\/uploads\/6-1-300x200.jpg 300w, https:\/\/wp.pestalozzi-gymnasium-heidenau.info\/wp-content\/uploads\/6-1-230x153.jpg 230w, https:\/\/wp.pestalozzi-gymnasium-heidenau.info\/wp-content\/uploads\/6-1-350x233.jpg 350w, https:\/\/wp.pestalozzi-gymnasium-heidenau.info\/wp-content\/uploads\/6-1-480x320.jpg 480w\" sizes=\"auto, (max-width: 800px) 100vw, 800px\" \/><\/figure>\n","protected":false},"excerpt":{"rendered":"<p>Im Mai und Juni pr\u00e4sentierte Der Jugendchor zwei herausragende Konzerte in Dresden, die das Publikum mit einem vielf\u00e4ltigen musikalischen Programm und einer beeindruckenden Kooperation fesselten. Diese Konzerte waren unbestreitbar ein H\u00f6hepunkt in der Auftrittshistorie des jungen Chores, der sein 10-j\u00e4hriges Bestehen damit feierte. Am 24. Mai 2025 trat der Chor im Kulturpalast Dresden auf, wo das Programm \u201eDresdner Komponisten und die S\u00e4chsische Schweiz\u201c pr\u00e4sentiert wurde. Gemeinsam mit den Bergfinken, dem \u00e4ltesten aktiven Bergsteigerchor Deutschlands, der \u00fcber 100 Jahre Singtradition pflegt, wurde das Konzert zu einem besonderen Erlebnis. Rund 200 S\u00e4ngerinnen und S\u00e4nger standen auf der B\u00fchne und boten eine stimmgewaltige Darbietung, die Lieder \u00fcber die S\u00e4chsische Schweiz sowie Werke von Dresdner Komponisten vereinte. Die Zusammenarbeit der beiden Ch\u00f6re \u2013 ein gemischter Chor und ein reiner M\u00e4nnerchor \u2013 brachte eine spannende musikalische Vielfalt, die das Publikum in dem gut besuchten Kulturpalast fesselte. Das zweite Konzert fand am 5. Juni 2025 in der beeindruckenden Kuppelhalle des Dresdner Hauptbahnhofs statt. Unter dem Titel \u201eDie Stimme: Instrument des Jahres 2025\u201c stand die menschliche Stimme im Mittelpunkt. Dieser Abend, gewidmet der K\u00fcr der Stimme als Instrument des Jahres 2025 durch die Landesmusikr\u00e4te, bot einen intensiven und einzigartigen Klang, wodurch die Vielseitigkeit der menschlichen Stimme in [&hellip;]<\/p>\n","protected":false},"author":1,"featured_media":0,"comment_status":"closed","ping_status":"open","sticky":false,"template":"","format":"standard","meta":{"ngg_post_thumbnail":0,"footnotes":""},"categories":[23],"tags":[],"class_list":["post-8062","post","type-post","status-publish","format-standard","hentry","category-chor"],"rttpg_featured_image_url":null,"rttpg_author":{"display_name":"pattex","author_link":"https:\/\/wp.pestalozzi-gymnasium-heidenau.info\/index.php\/author\/pattex\/"},"rttpg_comment":0,"rttpg_category":"<a href=\"https:\/\/wp.pestalozzi-gymnasium-heidenau.info\/index.php\/category\/musik\/chor\/\" rel=\"category tag\">Chor<\/a>","rttpg_excerpt":"Im Mai und Juni pr\u00e4sentierte Der Jugendchor zwei herausragende Konzerte in Dresden, die das Publikum mit einem vielf\u00e4ltigen musikalischen Programm und einer beeindruckenden Kooperation fesselten. Diese Konzerte waren unbestreitbar ein H\u00f6hepunkt in der Auftrittshistorie des jungen Chores, der sein 10-j\u00e4hriges Bestehen damit feierte. Am 24. Mai 2025 trat der Chor im Kulturpalast Dresden auf, wo&hellip;","_links":{"self":[{"href":"https:\/\/wp.pestalozzi-gymnasium-heidenau.info\/index.php\/wp-json\/wp\/v2\/posts\/8062","targetHints":{"allow":["GET"]}}],"collection":[{"href":"https:\/\/wp.pestalozzi-gymnasium-heidenau.info\/index.php\/wp-json\/wp\/v2\/posts"}],"about":[{"href":"https:\/\/wp.pestalozzi-gymnasium-heidenau.info\/index.php\/wp-json\/wp\/v2\/types\/post"}],"author":[{"embeddable":true,"href":"https:\/\/wp.pestalozzi-gymnasium-heidenau.info\/index.php\/wp-json\/wp\/v2\/users\/1"}],"replies":[{"embeddable":true,"href":"https:\/\/wp.pestalozzi-gymnasium-heidenau.info\/index.php\/wp-json\/wp\/v2\/comments?post=8062"}],"version-history":[{"count":2,"href":"https:\/\/wp.pestalozzi-gymnasium-heidenau.info\/index.php\/wp-json\/wp\/v2\/posts\/8062\/revisions"}],"predecessor-version":[{"id":8412,"href":"https:\/\/wp.pestalozzi-gymnasium-heidenau.info\/index.php\/wp-json\/wp\/v2\/posts\/8062\/revisions\/8412"}],"wp:attachment":[{"href":"https:\/\/wp.pestalozzi-gymnasium-heidenau.info\/index.php\/wp-json\/wp\/v2\/media?parent=8062"}],"wp:term":[{"taxonomy":"category","embeddable":true,"href":"https:\/\/wp.pestalozzi-gymnasium-heidenau.info\/index.php\/wp-json\/wp\/v2\/categories?post=8062"},{"taxonomy":"post_tag","embeddable":true,"href":"https:\/\/wp.pestalozzi-gymnasium-heidenau.info\/index.php\/wp-json\/wp\/v2\/tags?post=8062"}],"curies":[{"name":"wp","href":"https:\/\/api.w.org\/{rel}","templated":true}]}}